{"id":999,"date":"2026-01-12T15:36:17","date_gmt":"2026-01-12T21:36:17","guid":{"rendered":"https:\/\/hominidabogados.com\/abogados\/?p=999"},"modified":"2026-01-12T15:36:34","modified_gmt":"2026-01-12T21:36:34","slug":"roberto-hernandez-valencia-de-la-formacion-academica-al-liderazgo-juridico-empresarial","status":"publish","type":"post","link":"https:\/\/hominidabogados.com\/abogados\/roberto-hernandez-valencia-de-la-formacion-academica-al-liderazgo-juridico-empresarial\/","title":{"rendered":"Roberto Hern\u00e1ndez Valencia: De la formaci\u00f3n acad\u00e9mica al liderazgo jur\u00eddico empresarial"},"content":{"rendered":"<p><iframe title=\"Revista DyN #154\" src=\"https:\/\/e.issuu.com\/embed.html?u=derechoynegocios&#038;d=revista_dyn_154\" style=\"border:none; width: 1080px; height: 828px;\" allow=\"clipboard-write,allow-top-navigation,allow-top-navigation-by-user-activation,allow-downloads,allow-scripts,allow-same-origin,allow-popups,allow-modals,allow-popups-to-escape-sandbox,allow-forms\"  allowfullscreen=\"true\"><\/iframe><\/p>\n<p>En esta edici\u00f3n n\u00famero 154 de nuestra revista Derecho y Negocios, una entrega m\u00e1s que reafirma nuestro compromiso con el an\u00e1lisis jur\u00eddico y empresarial de alto nivel. En esta ocasi\u00f3n, abrimos con una entrevista que destaca por su profundidad y enfoque especializado.<\/p>\n<p>Conversamos con Roberto H. Valencia, socio director de Hominid Abogados, firma que ha ganado relevancia por su destacada experiencia en derecho inmobiliario, una disciplina clave para el desarrollo urbano y econ\u00f3mico del pa\u00eds.<\/p>\n","protected":false},"excerpt":{"rendered":"<p>En esta edici\u00f3n n\u00famero 154 de nuestra revista Derecho y Negocios, una entrega m\u00e1s que reafirma nuestro compromiso con el an\u00e1lisis jur\u00eddico y empresarial de alto nivel. En esta ocasi\u00f3n, abrimos con una entrevista que destaca por su profundidad y enfoque especializado. Conversamos con Roberto H. Valencia, socio director de Hominid Abogados, firma que ha [&hellip;]<\/p>\n","protected":false},"author":6,"featured_media":0,"comment_status":"closed","ping_status":"open","sticky":false,"template":"","format":"standard","meta":{"_et_pb_use_builder":"","_et_pb_old_content":"","_et_gb_content_width":"","footnotes":""},"categories":[1],"tags":[],"class_list":["post-999","post","type-post","status-publish","format-standard","hentry","category-uncategorized"],"yoast_head":"<!-- This site is optimized with the Yoast SEO plugin v27.4 - https:\/\/yoast.com\/product\/yoast-seo-wordpress\/ -->\n<title>Roberto Hern\u00e1ndez Valencia: De la formaci\u00f3n acad\u00e9mica al liderazgo jur\u00eddico empresarial - Hominid Abogados<\/title>\n<meta name=\"robots\" content=\"index, follow, max-snippet:-1, max-image-preview:large, max-video-preview:-1\" \/>\n<link rel=\"canonical\" href=\"https:\/\/hominidabogados.com\/abogados\/roberto-hernandez-valencia-de-la-formacion-academica-al-liderazgo-juridico-empresarial\/\" \/>\n<meta property=\"og:locale\" content=\"es_MX\" \/>\n<meta property=\"og:type\" content=\"article\" \/>\n<meta property=\"og:title\" content=\"Roberto Hern\u00e1ndez Valencia: De la formaci\u00f3n acad\u00e9mica al liderazgo jur\u00eddico empresarial - Hominid Abogados\" \/>\n<meta property=\"og:description\" content=\"En esta edici\u00f3n n\u00famero 154 de nuestra revista Derecho y Negocios, una entrega m\u00e1s que reafirma nuestro compromiso con el an\u00e1lisis jur\u00eddico y empresarial de alto nivel. En esta ocasi\u00f3n, abrimos con una entrevista que destaca por su profundidad y enfoque especializado. Conversamos con Roberto H. Valencia, socio director de Hominid Abogados, firma que ha [&hellip;]\" \/>\n<meta property=\"og:url\" content=\"https:\/\/hominidabogados.com\/abogados\/roberto-hernandez-valencia-de-la-formacion-academica-al-liderazgo-juridico-empresarial\/\" \/>\n<meta property=\"og:site_name\" content=\"Hominid Abogados\" \/>\n<meta property=\"article:published_time\" content=\"2026-01-12T21:36:17+00:00\" \/>\n<meta property=\"article:modified_time\" content=\"2026-01-12T21:36:34+00:00\" \/>\n<meta name=\"author\" content=\"Revista Derecho y Negocios\" \/>\n<meta name=\"twitter:card\" content=\"summary_large_image\" \/>\n<meta name=\"twitter:label1\" content=\"Escrito por\" \/>\n\t<meta name=\"twitter:data1\" content=\"Revista Derecho y Negocios\" \/>\n\t<meta name=\"twitter:label2\" content=\"Tiempo de lectura\" \/>\n\t<meta name=\"twitter:data2\" content=\"1 minuto\" \/>\n<script type=\"application\/ld+json\" class=\"yoast-schema-graph\">{\"@context\":\"https:\\\/\\\/schema.org\",\"@graph\":[{\"@type\":\"Article\",\"@id\":\"https:\\\/\\\/hominidabogados.com\\\/abogados\\\/roberto-hernandez-valencia-de-la-formacion-academica-al-liderazgo-juridico-empresarial\\\/#article\",\"isPartOf\":{\"@id\":\"https:\\\/\\\/hominidabogados.com\\\/abogados\\\/roberto-hernandez-valencia-de-la-formacion-academica-al-liderazgo-juridico-empresarial\\\/\"},\"author\":{\"name\":\"Revista Derecho y Negocios\",\"@id\":\"https:\\\/\\\/hominidabogados.com\\\/abogados\\\/#\\\/schema\\\/person\\\/5600719fc44163777a89296656328032\"},\"headline\":\"Roberto Hern\u00e1ndez Valencia: De la formaci\u00f3n acad\u00e9mica al liderazgo jur\u00eddico empresarial\",\"datePublished\":\"2026-01-12T21:36:17+00:00\",\"dateModified\":\"2026-01-12T21:36:34+00:00\",\"mainEntityOfPage\":{\"@id\":\"https:\\\/\\\/hominidabogados.com\\\/abogados\\\/roberto-hernandez-valencia-de-la-formacion-academica-al-liderazgo-juridico-empresarial\\\/\"},\"wordCount\":104,\"articleSection\":[\"Uncategorized\"],\"inLanguage\":\"es\"},{\"@type\":\"WebPage\",\"@id\":\"https:\\\/\\\/hominidabogados.com\\\/abogados\\\/roberto-hernandez-valencia-de-la-formacion-academica-al-liderazgo-juridico-empresarial\\\/\",\"url\":\"https:\\\/\\\/hominidabogados.com\\\/abogados\\\/roberto-hernandez-valencia-de-la-formacion-academica-al-liderazgo-juridico-empresarial\\\/\",\"name\":\"Roberto Hern\u00e1ndez Valencia: De la formaci\u00f3n acad\u00e9mica al liderazgo jur\u00eddico empresarial - Hominid Abogados\",\"isPartOf\":{\"@id\":\"https:\\\/\\\/hominidabogados.com\\\/abogados\\\/#website\"},\"datePublished\":\"2026-01-12T21:36:17+00:00\",\"dateModified\":\"2026-01-12T21:36:34+00:00\",\"author\":{\"@id\":\"https:\\\/\\\/hominidabogados.com\\\/abogados\\\/#\\\/schema\\\/person\\\/5600719fc44163777a89296656328032\"},\"breadcrumb\":{\"@id\":\"https:\\\/\\\/hominidabogados.com\\\/abogados\\\/roberto-hernandez-valencia-de-la-formacion-academica-al-liderazgo-juridico-empresarial\\\/#breadcrumb\"},\"inLanguage\":\"es\",\"potentialAction\":[{\"@type\":\"ReadAction\",\"target\":[\"https:\\\/\\\/hominidabogados.com\\\/abogados\\\/roberto-hernandez-valencia-de-la-formacion-academica-al-liderazgo-juridico-empresarial\\\/\"]}]},{\"@type\":\"BreadcrumbList\",\"@id\":\"https:\\\/\\\/hominidabogados.com\\\/abogados\\\/roberto-hernandez-valencia-de-la-formacion-academica-al-liderazgo-juridico-empresarial\\\/#breadcrumb\",\"itemListElement\":[{\"@type\":\"ListItem\",\"position\":1,\"name\":\"Home\",\"item\":\"https:\\\/\\\/hominidabogados.com\\\/abogados\\\/\"},{\"@type\":\"ListItem\",\"position\":2,\"name\":\"Roberto Hern\u00e1ndez Valencia: De la formaci\u00f3n acad\u00e9mica al liderazgo jur\u00eddico empresarial\"}]},{\"@type\":\"WebSite\",\"@id\":\"https:\\\/\\\/hominidabogados.com\\\/abogados\\\/#website\",\"url\":\"https:\\\/\\\/hominidabogados.com\\\/abogados\\\/\",\"name\":\"Hominid Abogados\",\"description\":\"Tan grandes como nuestros clientes\",\"potentialAction\":[{\"@type\":\"SearchAction\",\"target\":{\"@type\":\"EntryPoint\",\"urlTemplate\":\"https:\\\/\\\/hominidabogados.com\\\/abogados\\\/?s={search_term_string}\"},\"query-input\":{\"@type\":\"PropertyValueSpecification\",\"valueRequired\":true,\"valueName\":\"search_term_string\"}}],\"inLanguage\":\"es\"},{\"@type\":\"Person\",\"@id\":\"https:\\\/\\\/hominidabogados.com\\\/abogados\\\/#\\\/schema\\\/person\\\/5600719fc44163777a89296656328032\",\"name\":\"Revista Derecho y Negocios\",\"image\":{\"@type\":\"ImageObject\",\"inLanguage\":\"es\",\"@id\":\"https:\\\/\\\/hominidabogados.com\\\/wp-content\\\/uploads\\\/2026\\\/01\\\/Abstract-Profile-Photo-Instagram-Post-96x96.png\",\"url\":\"https:\\\/\\\/hominidabogados.com\\\/wp-content\\\/uploads\\\/2026\\\/01\\\/Abstract-Profile-Photo-Instagram-Post-96x96.png\",\"contentUrl\":\"https:\\\/\\\/hominidabogados.com\\\/wp-content\\\/uploads\\\/2026\\\/01\\\/Abstract-Profile-Photo-Instagram-Post-96x96.png\",\"caption\":\"Revista Derecho y Negocios\"},\"url\":\"https:\\\/\\\/hominidabogados.com\\\/abogados\\\/author\\\/revistadyn\\\/\"}]}<\/script>\n<!-- \/ Yoast SEO plugin. -->","yoast_head_json":{"title":"Roberto Hern\u00e1ndez Valencia: De la formaci\u00f3n acad\u00e9mica al liderazgo jur\u00eddico empresarial - Hominid Abogados","robots":{"index":"index","follow":"follow","max-snippet":"max-snippet:-1","max-image-preview":"max-image-preview:large","max-video-preview":"max-video-preview:-1"},"canonical":"https:\/\/hominidabogados.com\/abogados\/roberto-hernandez-valencia-de-la-formacion-academica-al-liderazgo-juridico-empresarial\/","og_locale":"es_MX","og_type":"article","og_title":"Roberto Hern\u00e1ndez Valencia: De la formaci\u00f3n acad\u00e9mica al liderazgo jur\u00eddico empresarial - Hominid Abogados","og_description":"En esta edici\u00f3n n\u00famero 154 de nuestra revista Derecho y Negocios, una entrega m\u00e1s que reafirma nuestro compromiso con el an\u00e1lisis jur\u00eddico y empresarial de alto nivel. En esta ocasi\u00f3n, abrimos con una entrevista que destaca por su profundidad y enfoque especializado. Conversamos con Roberto H. Valencia, socio director de Hominid Abogados, firma que ha [&hellip;]","og_url":"https:\/\/hominidabogados.com\/abogados\/roberto-hernandez-valencia-de-la-formacion-academica-al-liderazgo-juridico-empresarial\/","og_site_name":"Hominid Abogados","article_published_time":"2026-01-12T21:36:17+00:00","article_modified_time":"2026-01-12T21:36:34+00:00","author":"Revista Derecho y Negocios","twitter_card":"summary_large_image","twitter_misc":{"Escrito por":"Revista Derecho y Negocios","Tiempo de lectura":"1 minuto"},"schema":{"@context":"https:\/\/schema.org","@graph":[{"@type":"Article","@id":"https:\/\/hominidabogados.com\/abogados\/roberto-hernandez-valencia-de-la-formacion-academica-al-liderazgo-juridico-empresarial\/#article","isPartOf":{"@id":"https:\/\/hominidabogados.com\/abogados\/roberto-hernandez-valencia-de-la-formacion-academica-al-liderazgo-juridico-empresarial\/"},"author":{"name":"Revista Derecho y Negocios","@id":"https:\/\/hominidabogados.com\/abogados\/#\/schema\/person\/5600719fc44163777a89296656328032"},"headline":"Roberto Hern\u00e1ndez Valencia: De la formaci\u00f3n acad\u00e9mica al liderazgo jur\u00eddico empresarial","datePublished":"2026-01-12T21:36:17+00:00","dateModified":"2026-01-12T21:36:34+00:00","mainEntityOfPage":{"@id":"https:\/\/hominidabogados.com\/abogados\/roberto-hernandez-valencia-de-la-formacion-academica-al-liderazgo-juridico-empresarial\/"},"wordCount":104,"articleSection":["Uncategorized"],"inLanguage":"es"},{"@type":"WebPage","@id":"https:\/\/hominidabogados.com\/abogados\/roberto-hernandez-valencia-de-la-formacion-academica-al-liderazgo-juridico-empresarial\/","url":"https:\/\/hominidabogados.com\/abogados\/roberto-hernandez-valencia-de-la-formacion-academica-al-liderazgo-juridico-empresarial\/","name":"Roberto Hern\u00e1ndez Valencia: De la formaci\u00f3n acad\u00e9mica al liderazgo jur\u00eddico empresarial - Hominid Abogados","isPartOf":{"@id":"https:\/\/hominidabogados.com\/abogados\/#website"},"datePublished":"2026-01-12T21:36:17+00:00","dateModified":"2026-01-12T21:36:34+00:00","author":{"@id":"https:\/\/hominidabogados.com\/abogados\/#\/schema\/person\/5600719fc44163777a89296656328032"},"breadcrumb":{"@id":"https:\/\/hominidabogados.com\/abogados\/roberto-hernandez-valencia-de-la-formacion-academica-al-liderazgo-juridico-empresarial\/#breadcrumb"},"inLanguage":"es","potentialAction":[{"@type":"ReadAction","target":["https:\/\/hominidabogados.com\/abogados\/roberto-hernandez-valencia-de-la-formacion-academica-al-liderazgo-juridico-empresarial\/"]}]},{"@type":"BreadcrumbList","@id":"https:\/\/hominidabogados.com\/abogados\/roberto-hernandez-valencia-de-la-formacion-academica-al-liderazgo-juridico-empresarial\/#breadcrumb","itemListElement":[{"@type":"ListItem","position":1,"name":"Home","item":"https:\/\/hominidabogados.com\/abogados\/"},{"@type":"ListItem","position":2,"name":"Roberto Hern\u00e1ndez Valencia: De la formaci\u00f3n acad\u00e9mica al liderazgo jur\u00eddico empresarial"}]},{"@type":"WebSite","@id":"https:\/\/hominidabogados.com\/abogados\/#website","url":"https:\/\/hominidabogados.com\/abogados\/","name":"Hominid Abogados","description":"Tan grandes como nuestros clientes","potentialAction":[{"@type":"SearchAction","target":{"@type":"EntryPoint","urlTemplate":"https:\/\/hominidabogados.com\/abogados\/?s={search_term_string}"},"query-input":{"@type":"PropertyValueSpecification","valueRequired":true,"valueName":"search_term_string"}}],"inLanguage":"es"},{"@type":"Person","@id":"https:\/\/hominidabogados.com\/abogados\/#\/schema\/person\/5600719fc44163777a89296656328032","name":"Revista Derecho y Negocios","image":{"@type":"ImageObject","inLanguage":"es","@id":"https:\/\/hominidabogados.com\/wp-content\/uploads\/2026\/01\/Abstract-Profile-Photo-Instagram-Post-96x96.png","url":"https:\/\/hominidabogados.com\/wp-content\/uploads\/2026\/01\/Abstract-Profile-Photo-Instagram-Post-96x96.png","contentUrl":"https:\/\/hominidabogados.com\/wp-content\/uploads\/2026\/01\/Abstract-Profile-Photo-Instagram-Post-96x96.png","caption":"Revista Derecho y Negocios"},"url":"https:\/\/hominidabogados.com\/abogados\/author\/revistadyn\/"}]}},"_links":{"self":[{"href":"https:\/\/hominidabogados.com\/abogados\/wp-json\/wp\/v2\/posts\/999","targetHints":{"allow":["GET"]}}],"collection":[{"href":"https:\/\/hominidabogados.com\/abogados\/wp-json\/wp\/v2\/posts"}],"about":[{"href":"https:\/\/hominidabogados.com\/abogados\/wp-json\/wp\/v2\/types\/post"}],"author":[{"embeddable":true,"href":"https:\/\/hominidabogados.com\/abogados\/wp-json\/wp\/v2\/users\/6"}],"replies":[{"embeddable":true,"href":"https:\/\/hominidabogados.com\/abogados\/wp-json\/wp\/v2\/comments?post=999"}],"version-history":[{"count":1,"href":"https:\/\/hominidabogados.com\/abogados\/wp-json\/wp\/v2\/posts\/999\/revisions"}],"predecessor-version":[{"id":1000,"href":"https:\/\/hominidabogados.com\/abogados\/wp-json\/wp\/v2\/posts\/999\/revisions\/1000"}],"wp:attachment":[{"href":"https:\/\/hominidabogados.com\/abogados\/wp-json\/wp\/v2\/media?parent=999"}],"wp:term":[{"taxonomy":"category","embeddable":true,"href":"https:\/\/hominidabogados.com\/abogados\/wp-json\/wp\/v2\/categories?post=999"},{"taxonomy":"post_tag","embeddable":true,"href":"https:\/\/hominidabogados.com\/abogados\/wp-json\/wp\/v2\/tags?post=999"}],"curies":[{"name":"wp","href":"https:\/\/api.w.org\/{rel}","templated":true}]}}