{"id":994,"date":"2026-01-12T15:15:08","date_gmt":"2026-01-12T21:15:08","guid":{"rendered":"https:\/\/hominidabogados.com\/abogados\/?p=994"},"modified":"2026-01-12T15:42:22","modified_gmt":"2026-01-12T21:42:22","slug":"el-rostro-femenino-del-nuevo-liderazgo-juridico-en-el-salvador","status":"publish","type":"post","link":"https:\/\/hominidabogados.com\/abogados\/el-rostro-femenino-del-nuevo-liderazgo-juridico-en-el-salvador\/","title":{"rendered":"M\u00f3nica Molina: El rostro femenino del nuevo liderazgo jur\u00eddico en El Salvador"},"content":{"rendered":"<p><iframe title=\"Revista DyN 161\" src=\"https:\/\/e.issuu.com\/embed.html?u=derechoynegocios&#038;d=revista_dyn_161\" style=\"border:none; width: 1080px; height: 828px;\" allow=\"clipboard-write,allow-top-navigation,allow-top-navigation-by-user-activation,allow-downloads,allow-scripts,allow-same-origin,allow-popups,allow-modals,allow-popups-to-escape-sandbox,allow-forms\"  allowfullscreen=\"true\"><\/iframe><\/p>\n<p>Nuestra portada de la Edici\u00f3n #161, est\u00e1 dedicada a M\u00f3nica Molina, Socia fundadora en Hominid Abogados, una firma en s\u00f3lido crecimiento cuya filosof\u00eda institucional impulsa el desarrollo profesional de las mujeres.<\/p>\n<p>La trayectoria y pensamiento de M\u00f3nica representan la fuerza del liderazgo femenino en las firmas legales contempor\u00e1neas. Su historia es tambi\u00e9n la historia de muchas mujeres que, con profesionalismo, inteligencia y car\u00e1cter, est\u00e1n transformando espacios donde antes predominaba una sola voz.<\/p>\n","protected":false},"excerpt":{"rendered":"<p>Nuestra portada de la Edici\u00f3n #161, est\u00e1 dedicada a M\u00f3nica Molina, Socia fundadora en Hominid Abogados, una firma en s\u00f3lido crecimiento cuya filosof\u00eda institucional impulsa el desarrollo profesional de las mujeres. La trayectoria y pensamiento de M\u00f3nica representan la fuerza del liderazgo femenino en las firmas legales contempor\u00e1neas. Su historia es tambi\u00e9n la historia de [&hellip;]<\/p>\n","protected":false},"author":6,"featured_media":0,"comment_status":"closed","ping_status":"open","sticky":false,"template":"","format":"standard","meta":{"_et_pb_use_builder":"","_et_pb_old_content":"","_et_gb_content_width":"","footnotes":""},"categories":[1],"tags":[],"class_list":["post-994","post","type-post","status-publish","format-standard","hentry","category-uncategorized"],"yoast_head":"<!-- This site is optimized with the Yoast SEO plugin v27.4 - https:\/\/yoast.com\/product\/yoast-seo-wordpress\/ -->\n<title>M\u00f3nica Molina: El rostro femenino del nuevo liderazgo jur\u00eddico en El Salvador - Hominid Abogados<\/title>\n<meta name=\"robots\" content=\"index, follow, max-snippet:-1, max-image-preview:large, max-video-preview:-1\" \/>\n<link rel=\"canonical\" href=\"https:\/\/hominidabogados.com\/abogados\/el-rostro-femenino-del-nuevo-liderazgo-juridico-en-el-salvador\/\" \/>\n<meta property=\"og:locale\" content=\"es_MX\" \/>\n<meta property=\"og:type\" content=\"article\" \/>\n<meta property=\"og:title\" content=\"M\u00f3nica Molina: El rostro femenino del nuevo liderazgo jur\u00eddico en El Salvador - Hominid Abogados\" \/>\n<meta property=\"og:description\" content=\"Nuestra portada de la Edici\u00f3n #161, est\u00e1 dedicada a M\u00f3nica Molina, Socia fundadora en Hominid Abogados, una firma en s\u00f3lido crecimiento cuya filosof\u00eda institucional impulsa el desarrollo profesional de las mujeres. La trayectoria y pensamiento de M\u00f3nica representan la fuerza del liderazgo femenino en las firmas legales contempor\u00e1neas. Su historia es tambi\u00e9n la historia de [&hellip;]\" \/>\n<meta property=\"og:url\" content=\"https:\/\/hominidabogados.com\/abogados\/el-rostro-femenino-del-nuevo-liderazgo-juridico-en-el-salvador\/\" \/>\n<meta property=\"og:site_name\" content=\"Hominid Abogados\" \/>\n<meta property=\"article:published_time\" content=\"2026-01-12T21:15:08+00:00\" \/>\n<meta property=\"article:modified_time\" content=\"2026-01-12T21:42:22+00:00\" \/>\n<meta name=\"author\" content=\"Revista Derecho y Negocios\" \/>\n<meta name=\"twitter:card\" content=\"summary_large_image\" \/>\n<meta name=\"twitter:label1\" content=\"Escrito por\" \/>\n\t<meta name=\"twitter:data1\" content=\"Revista Derecho y Negocios\" \/>\n\t<meta name=\"twitter:label2\" content=\"Tiempo de lectura\" \/>\n\t<meta name=\"twitter:data2\" content=\"1 minuto\" \/>\n<script type=\"application\/ld+json\" class=\"yoast-schema-graph\">{\"@context\":\"https:\\\/\\\/schema.org\",\"@graph\":[{\"@type\":\"Article\",\"@id\":\"https:\\\/\\\/hominidabogados.com\\\/abogados\\\/el-rostro-femenino-del-nuevo-liderazgo-juridico-en-el-salvador\\\/#article\",\"isPartOf\":{\"@id\":\"https:\\\/\\\/hominidabogados.com\\\/abogados\\\/el-rostro-femenino-del-nuevo-liderazgo-juridico-en-el-salvador\\\/\"},\"author\":{\"name\":\"Revista Derecho y Negocios\",\"@id\":\"https:\\\/\\\/hominidabogados.com\\\/abogados\\\/#\\\/schema\\\/person\\\/5600719fc44163777a89296656328032\"},\"headline\":\"M\u00f3nica Molina: El rostro femenino del nuevo liderazgo jur\u00eddico en El Salvador\",\"datePublished\":\"2026-01-12T21:15:08+00:00\",\"dateModified\":\"2026-01-12T21:42:22+00:00\",\"mainEntityOfPage\":{\"@id\":\"https:\\\/\\\/hominidabogados.com\\\/abogados\\\/el-rostro-femenino-del-nuevo-liderazgo-juridico-en-el-salvador\\\/\"},\"wordCount\":101,\"articleSection\":[\"Uncategorized\"],\"inLanguage\":\"es\"},{\"@type\":\"WebPage\",\"@id\":\"https:\\\/\\\/hominidabogados.com\\\/abogados\\\/el-rostro-femenino-del-nuevo-liderazgo-juridico-en-el-salvador\\\/\",\"url\":\"https:\\\/\\\/hominidabogados.com\\\/abogados\\\/el-rostro-femenino-del-nuevo-liderazgo-juridico-en-el-salvador\\\/\",\"name\":\"M\u00f3nica Molina: El rostro femenino del nuevo liderazgo jur\u00eddico en El Salvador - Hominid Abogados\",\"isPartOf\":{\"@id\":\"https:\\\/\\\/hominidabogados.com\\\/abogados\\\/#website\"},\"datePublished\":\"2026-01-12T21:15:08+00:00\",\"dateModified\":\"2026-01-12T21:42:22+00:00\",\"author\":{\"@id\":\"https:\\\/\\\/hominidabogados.com\\\/abogados\\\/#\\\/schema\\\/person\\\/5600719fc44163777a89296656328032\"},\"breadcrumb\":{\"@id\":\"https:\\\/\\\/hominidabogados.com\\\/abogados\\\/el-rostro-femenino-del-nuevo-liderazgo-juridico-en-el-salvador\\\/#breadcrumb\"},\"inLanguage\":\"es\",\"potentialAction\":[{\"@type\":\"ReadAction\",\"target\":[\"https:\\\/\\\/hominidabogados.com\\\/abogados\\\/el-rostro-femenino-del-nuevo-liderazgo-juridico-en-el-salvador\\\/\"]}]},{\"@type\":\"BreadcrumbList\",\"@id\":\"https:\\\/\\\/hominidabogados.com\\\/abogados\\\/el-rostro-femenino-del-nuevo-liderazgo-juridico-en-el-salvador\\\/#breadcrumb\",\"itemListElement\":[{\"@type\":\"ListItem\",\"position\":1,\"name\":\"Home\",\"item\":\"https:\\\/\\\/hominidabogados.com\\\/abogados\\\/\"},{\"@type\":\"ListItem\",\"position\":2,\"name\":\"M\u00f3nica Molina: El rostro femenino del nuevo liderazgo jur\u00eddico en El Salvador\"}]},{\"@type\":\"WebSite\",\"@id\":\"https:\\\/\\\/hominidabogados.com\\\/abogados\\\/#website\",\"url\":\"https:\\\/\\\/hominidabogados.com\\\/abogados\\\/\",\"name\":\"Hominid Abogados\",\"description\":\"Tan grandes como nuestros clientes\",\"potentialAction\":[{\"@type\":\"SearchAction\",\"target\":{\"@type\":\"EntryPoint\",\"urlTemplate\":\"https:\\\/\\\/hominidabogados.com\\\/abogados\\\/?s={search_term_string}\"},\"query-input\":{\"@type\":\"PropertyValueSpecification\",\"valueRequired\":true,\"valueName\":\"search_term_string\"}}],\"inLanguage\":\"es\"},{\"@type\":\"Person\",\"@id\":\"https:\\\/\\\/hominidabogados.com\\\/abogados\\\/#\\\/schema\\\/person\\\/5600719fc44163777a89296656328032\",\"name\":\"Revista Derecho y Negocios\",\"image\":{\"@type\":\"ImageObject\",\"inLanguage\":\"es\",\"@id\":\"https:\\\/\\\/hominidabogados.com\\\/wp-content\\\/uploads\\\/2026\\\/01\\\/Abstract-Profile-Photo-Instagram-Post-96x96.png\",\"url\":\"https:\\\/\\\/hominidabogados.com\\\/wp-content\\\/uploads\\\/2026\\\/01\\\/Abstract-Profile-Photo-Instagram-Post-96x96.png\",\"contentUrl\":\"https:\\\/\\\/hominidabogados.com\\\/wp-content\\\/uploads\\\/2026\\\/01\\\/Abstract-Profile-Photo-Instagram-Post-96x96.png\",\"caption\":\"Revista Derecho y Negocios\"},\"url\":\"https:\\\/\\\/hominidabogados.com\\\/abogados\\\/author\\\/revistadyn\\\/\"}]}<\/script>\n<!-- \/ Yoast SEO plugin. -->","yoast_head_json":{"title":"M\u00f3nica Molina: El rostro femenino del nuevo liderazgo jur\u00eddico en El Salvador - Hominid Abogados","robots":{"index":"index","follow":"follow","max-snippet":"max-snippet:-1","max-image-preview":"max-image-preview:large","max-video-preview":"max-video-preview:-1"},"canonical":"https:\/\/hominidabogados.com\/abogados\/el-rostro-femenino-del-nuevo-liderazgo-juridico-en-el-salvador\/","og_locale":"es_MX","og_type":"article","og_title":"M\u00f3nica Molina: El rostro femenino del nuevo liderazgo jur\u00eddico en El Salvador - Hominid Abogados","og_description":"Nuestra portada de la Edici\u00f3n #161, est\u00e1 dedicada a M\u00f3nica Molina, Socia fundadora en Hominid Abogados, una firma en s\u00f3lido crecimiento cuya filosof\u00eda institucional impulsa el desarrollo profesional de las mujeres. La trayectoria y pensamiento de M\u00f3nica representan la fuerza del liderazgo femenino en las firmas legales contempor\u00e1neas. Su historia es tambi\u00e9n la historia de [&hellip;]","og_url":"https:\/\/hominidabogados.com\/abogados\/el-rostro-femenino-del-nuevo-liderazgo-juridico-en-el-salvador\/","og_site_name":"Hominid Abogados","article_published_time":"2026-01-12T21:15:08+00:00","article_modified_time":"2026-01-12T21:42:22+00:00","author":"Revista Derecho y Negocios","twitter_card":"summary_large_image","twitter_misc":{"Escrito por":"Revista Derecho y Negocios","Tiempo de lectura":"1 minuto"},"schema":{"@context":"https:\/\/schema.org","@graph":[{"@type":"Article","@id":"https:\/\/hominidabogados.com\/abogados\/el-rostro-femenino-del-nuevo-liderazgo-juridico-en-el-salvador\/#article","isPartOf":{"@id":"https:\/\/hominidabogados.com\/abogados\/el-rostro-femenino-del-nuevo-liderazgo-juridico-en-el-salvador\/"},"author":{"name":"Revista Derecho y Negocios","@id":"https:\/\/hominidabogados.com\/abogados\/#\/schema\/person\/5600719fc44163777a89296656328032"},"headline":"M\u00f3nica Molina: El rostro femenino del nuevo liderazgo jur\u00eddico en El Salvador","datePublished":"2026-01-12T21:15:08+00:00","dateModified":"2026-01-12T21:42:22+00:00","mainEntityOfPage":{"@id":"https:\/\/hominidabogados.com\/abogados\/el-rostro-femenino-del-nuevo-liderazgo-juridico-en-el-salvador\/"},"wordCount":101,"articleSection":["Uncategorized"],"inLanguage":"es"},{"@type":"WebPage","@id":"https:\/\/hominidabogados.com\/abogados\/el-rostro-femenino-del-nuevo-liderazgo-juridico-en-el-salvador\/","url":"https:\/\/hominidabogados.com\/abogados\/el-rostro-femenino-del-nuevo-liderazgo-juridico-en-el-salvador\/","name":"M\u00f3nica Molina: El rostro femenino del nuevo liderazgo jur\u00eddico en El Salvador - Hominid Abogados","isPartOf":{"@id":"https:\/\/hominidabogados.com\/abogados\/#website"},"datePublished":"2026-01-12T21:15:08+00:00","dateModified":"2026-01-12T21:42:22+00:00","author":{"@id":"https:\/\/hominidabogados.com\/abogados\/#\/schema\/person\/5600719fc44163777a89296656328032"},"breadcrumb":{"@id":"https:\/\/hominidabogados.com\/abogados\/el-rostro-femenino-del-nuevo-liderazgo-juridico-en-el-salvador\/#breadcrumb"},"inLanguage":"es","potentialAction":[{"@type":"ReadAction","target":["https:\/\/hominidabogados.com\/abogados\/el-rostro-femenino-del-nuevo-liderazgo-juridico-en-el-salvador\/"]}]},{"@type":"BreadcrumbList","@id":"https:\/\/hominidabogados.com\/abogados\/el-rostro-femenino-del-nuevo-liderazgo-juridico-en-el-salvador\/#breadcrumb","itemListElement":[{"@type":"ListItem","position":1,"name":"Home","item":"https:\/\/hominidabogados.com\/abogados\/"},{"@type":"ListItem","position":2,"name":"M\u00f3nica Molina: El rostro femenino del nuevo liderazgo jur\u00eddico en El Salvador"}]},{"@type":"WebSite","@id":"https:\/\/hominidabogados.com\/abogados\/#website","url":"https:\/\/hominidabogados.com\/abogados\/","name":"Hominid Abogados","description":"Tan grandes como nuestros clientes","potentialAction":[{"@type":"SearchAction","target":{"@type":"EntryPoint","urlTemplate":"https:\/\/hominidabogados.com\/abogados\/?s={search_term_string}"},"query-input":{"@type":"PropertyValueSpecification","valueRequired":true,"valueName":"search_term_string"}}],"inLanguage":"es"},{"@type":"Person","@id":"https:\/\/hominidabogados.com\/abogados\/#\/schema\/person\/5600719fc44163777a89296656328032","name":"Revista Derecho y Negocios","image":{"@type":"ImageObject","inLanguage":"es","@id":"https:\/\/hominidabogados.com\/wp-content\/uploads\/2026\/01\/Abstract-Profile-Photo-Instagram-Post-96x96.png","url":"https:\/\/hominidabogados.com\/wp-content\/uploads\/2026\/01\/Abstract-Profile-Photo-Instagram-Post-96x96.png","contentUrl":"https:\/\/hominidabogados.com\/wp-content\/uploads\/2026\/01\/Abstract-Profile-Photo-Instagram-Post-96x96.png","caption":"Revista Derecho y Negocios"},"url":"https:\/\/hominidabogados.com\/abogados\/author\/revistadyn\/"}]}},"_links":{"self":[{"href":"https:\/\/hominidabogados.com\/abogados\/wp-json\/wp\/v2\/posts\/994","targetHints":{"allow":["GET"]}}],"collection":[{"href":"https:\/\/hominidabogados.com\/abogados\/wp-json\/wp\/v2\/posts"}],"about":[{"href":"https:\/\/hominidabogados.com\/abogados\/wp-json\/wp\/v2\/types\/post"}],"author":[{"embeddable":true,"href":"https:\/\/hominidabogados.com\/abogados\/wp-json\/wp\/v2\/users\/6"}],"replies":[{"embeddable":true,"href":"https:\/\/hominidabogados.com\/abogados\/wp-json\/wp\/v2\/comments?post=994"}],"version-history":[{"count":3,"href":"https:\/\/hominidabogados.com\/abogados\/wp-json\/wp\/v2\/posts\/994\/revisions"}],"predecessor-version":[{"id":1002,"href":"https:\/\/hominidabogados.com\/abogados\/wp-json\/wp\/v2\/posts\/994\/revisions\/1002"}],"wp:attachment":[{"href":"https:\/\/hominidabogados.com\/abogados\/wp-json\/wp\/v2\/media?parent=994"}],"wp:term":[{"taxonomy":"category","embeddable":true,"href":"https:\/\/hominidabogados.com\/abogados\/wp-json\/wp\/v2\/categories?post=994"},{"taxonomy":"post_tag","embeddable":true,"href":"https:\/\/hominidabogados.com\/abogados\/wp-json\/wp\/v2\/tags?post=994"}],"curies":[{"name":"wp","href":"https:\/\/api.w.org\/{rel}","templated":true}]}}