{"id":805,"date":"2025-05-27T14:20:10","date_gmt":"2025-05-27T20:20:10","guid":{"rendered":"https:\/\/seagreen-leopard-924083.hostingersite.com\/abogados\/?p=805"},"modified":"2025-05-27T14:22:56","modified_gmt":"2025-05-27T20:22:56","slug":"resumen-de-reformas-al-reglamento-interno-del-organo-ejecutivo","status":"publish","type":"post","link":"https:\/\/hominidabogados.com\/abogados\/resumen-de-reformas-al-reglamento-interno-del-organo-ejecutivo\/","title":{"rendered":"Resumen de Reformas al Reglamento Interno del \u00d3rgano Ejecutivo"},"content":{"rendered":"<p>El Consejo de Ministros, a trav\u00e9s del decreto No.4 encontrado en el Diario Oficial del d\u00eda 30 de enero del presente a\u00f1o, realiz\u00f3 ciertas reformas al Reglamento Interno del \u00d3rgano Ejecutivo, las cuales entraron en vigor el d\u00eda de su publicaci\u00f3n, el d\u00eda 12 de febrero de 2025 (Art. 3).<\/p>\n<p>Al eliminarse la Agencia de El Salvador para la Cooperaci\u00f3n Internacional, se vio la necesidad de trasladar sus competencias, atribuciones y responsabilidades al Ministerio de Relaciones Exteriores, a trav\u00e9s del Viceministerio de Relaciones Exteriores.<\/p>\n<p>A trav\u00e9s de la reforma, se sustituye el numeral 8 del art. 33 del Reglamento, el cual le da la facultad al Ministerio de Relaciones Exteriores, especialmente al Viceministerio, de coordinar la gesti\u00f3n de recursos de cooperaci\u00f3n para el desarrollo, la participaci\u00f3n en foros y espacios de negociaci\u00f3n internacional, la negociaci\u00f3n de los instrumentos internacionales; as\u00ed como requerir informes de seguimiento, monitoreo y evaluaci\u00f3n de los proyectos ejecutados con recursos de cooperaci\u00f3n, y m\u00e1s.<\/p>\n<p>Asimismo, se adicionaron 10 numerales al mismo art. 33 del Reglamento, el cual da las siguientes facultades:<\/p>\n<ul>\n<li>Optimizar las posibilidades, la calidad y naturaleza de cooperaci\u00f3n para el desarrollo econ\u00f3mico y social del pa\u00eds, y aumentar el n\u00famero de cooperantes y montos de cooperaci\u00f3n.<\/li>\n<li>Coordinar las necesidades de financiamiento y apoyo de proyectos de ejecuci\u00f3n de obras y\/o programas de entidades p\u00fablicas, que puedan ser apoyados t\u00e9cnica y financieramente con cooperaci\u00f3n internacional para el desarrollo.<\/li>\n<li>Operar en forma coordinada y apoyar a las entidades p\u00fablicas, a fin de coadyuvar a la gesti\u00f3n, planeaci\u00f3n, formulaci\u00f3n, seguimiento y evaluaci\u00f3n de proyectos ante los organismos y pa\u00edses cooperantes.<\/li>\n<li>Ejecutar proyectos de cooperaci\u00f3n activa con aquellos pa\u00edses que requieran alg\u00fan tipo de asistencia de parte de nuestro pa\u00eds, bajo los criterios de solidaridad y asistencia rec\u00edproca internacionales.<\/li>\n<li>Gestionar recursos ante entidades de cooperaci\u00f3n internacional en materia de cooperaci\u00f3n financiera no reembolsable, asistencia t\u00e9cnica y donaciones de todo tipo, de acuerdo a las orientaciones definidas por el Presidente.<\/li>\n<li>Monitorear la ejecuci\u00f3n de proyectos de cooperaci\u00f3n y evaluar el estado de su cumplimiento.<\/li>\n<li>Propiciar la participaci\u00f3n activa y coordinada de todos los sectores\/actores involucrados con la cooperaci\u00f3n internacional.<\/li>\n<li>Actuar como enlace y coordinador de la gesti\u00f3n y ejecuci\u00f3n de programas de cooperaci\u00f3n en cumplimiento de los compromisos y acuerdos internacionales relativos a la materia.<\/li>\n<li>Desempe\u00f1ar un papel activo en la participaci\u00f3n salvadore\u00f1a en los diferentes foros internacionales de cooperaci\u00f3n para el desarrollo.<\/li>\n<li>Promover las relaciones con las fuentes cooperantes actuales y realizar acercamientos con potenciales cooperantes.<\/li>\n<li>Elaborar lineamientos y procedimientos especiales, que detallar\u00e1n la forma en que deber\u00e1n interactuar las entidades de Gobierno y dem\u00e1s instituciones p\u00fablicas involucradas en materia de cooperaci\u00f3n. El titular del Ministerio de Relaciones Exteriores deber\u00e1 aprobar solicitudes, tr\u00e1mites, ejecuci\u00f3n y seguimiento de proyectos apoyados t\u00e9cnica y financieramente con cooperaci\u00f3n externa.<\/li>\n<\/ul>\n","protected":false},"excerpt":{"rendered":"<p>El Consejo de Ministros, a trav\u00e9s del decreto No.4 encontrado en el Diario Oficial del d\u00eda 30 de enero del presente a\u00f1o, realiz\u00f3 ciertas reformas al Reglamento Interno del \u00d3rgano Ejecutivo, las cuales entraron en vigor el d\u00eda de su publicaci\u00f3n, el d\u00eda 12 de febrero de 2025 (Art. 3). Al eliminarse la Agencia de [&hellip;]<\/p>\n","protected":false},"author":3,"featured_media":0,"comment_status":"closed","ping_status":"open","sticky":false,"template":"","format":"standard","meta":{"_et_pb_use_builder":"","_et_pb_old_content":"","_et_gb_content_width":"","footnotes":""},"categories":[1],"tags":[],"class_list":["post-805","post","type-post","status-publish","format-standard","hentry","category-uncategorized"],"yoast_head":"<!-- This site is optimized with the Yoast SEO plugin v27.4 - https:\/\/yoast.com\/product\/yoast-seo-wordpress\/ -->\n<title>Resumen de Reformas al Reglamento Interno del \u00d3rgano Ejecutivo - Hominid Abogados<\/title>\n<meta name=\"robots\" content=\"index, follow, max-snippet:-1, max-image-preview:large, max-video-preview:-1\" \/>\n<link rel=\"canonical\" href=\"https:\/\/hominidabogados.com\/abogados\/resumen-de-reformas-al-reglamento-interno-del-organo-ejecutivo\/\" \/>\n<meta property=\"og:locale\" content=\"es_MX\" \/>\n<meta property=\"og:type\" content=\"article\" \/>\n<meta property=\"og:title\" content=\"Resumen de Reformas al Reglamento Interno del \u00d3rgano Ejecutivo - Hominid Abogados\" \/>\n<meta property=\"og:description\" content=\"El Consejo de Ministros, a trav\u00e9s del decreto No.4 encontrado en el Diario Oficial del d\u00eda 30 de enero del presente a\u00f1o, realiz\u00f3 ciertas reformas al Reglamento Interno del \u00d3rgano Ejecutivo, las cuales entraron en vigor el d\u00eda de su publicaci\u00f3n, el d\u00eda 12 de febrero de 2025 (Art. 3). Al eliminarse la Agencia de [&hellip;]\" \/>\n<meta property=\"og:url\" content=\"https:\/\/hominidabogados.com\/abogados\/resumen-de-reformas-al-reglamento-interno-del-organo-ejecutivo\/\" \/>\n<meta property=\"og:site_name\" content=\"Hominid Abogados\" \/>\n<meta property=\"article:published_time\" content=\"2025-05-27T20:20:10+00:00\" \/>\n<meta property=\"article:modified_time\" content=\"2025-05-27T20:22:56+00:00\" \/>\n<meta name=\"author\" content=\"Roberto Valencia\" \/>\n<meta name=\"twitter:card\" content=\"summary_large_image\" \/>\n<meta name=\"twitter:label1\" content=\"Escrito por\" \/>\n\t<meta name=\"twitter:data1\" content=\"Roberto Valencia\" \/>\n\t<meta name=\"twitter:label2\" content=\"Tiempo de lectura\" \/>\n\t<meta name=\"twitter:data2\" content=\"3 minutos\" \/>\n<script type=\"application\/ld+json\" class=\"yoast-schema-graph\">{\"@context\":\"https:\\\/\\\/schema.org\",\"@graph\":[{\"@type\":\"Article\",\"@id\":\"https:\\\/\\\/hominidabogados.com\\\/abogados\\\/resumen-de-reformas-al-reglamento-interno-del-organo-ejecutivo\\\/#article\",\"isPartOf\":{\"@id\":\"https:\\\/\\\/hominidabogados.com\\\/abogados\\\/resumen-de-reformas-al-reglamento-interno-del-organo-ejecutivo\\\/\"},\"author\":{\"name\":\"Roberto Valencia\",\"@id\":\"https:\\\/\\\/hominidabogados.com\\\/abogados\\\/#\\\/schema\\\/person\\\/6379ec15c9aeb86efa91bac102a047a8\"},\"headline\":\"Resumen de Reformas al Reglamento Interno del \u00d3rgano Ejecutivo\",\"datePublished\":\"2025-05-27T20:20:10+00:00\",\"dateModified\":\"2025-05-27T20:22:56+00:00\",\"mainEntityOfPage\":{\"@id\":\"https:\\\/\\\/hominidabogados.com\\\/abogados\\\/resumen-de-reformas-al-reglamento-interno-del-organo-ejecutivo\\\/\"},\"wordCount\":520,\"articleSection\":[\"Uncategorized\"],\"inLanguage\":\"es\"},{\"@type\":\"WebPage\",\"@id\":\"https:\\\/\\\/hominidabogados.com\\\/abogados\\\/resumen-de-reformas-al-reglamento-interno-del-organo-ejecutivo\\\/\",\"url\":\"https:\\\/\\\/hominidabogados.com\\\/abogados\\\/resumen-de-reformas-al-reglamento-interno-del-organo-ejecutivo\\\/\",\"name\":\"Resumen de Reformas al Reglamento Interno del \u00d3rgano Ejecutivo - Hominid Abogados\",\"isPartOf\":{\"@id\":\"https:\\\/\\\/hominidabogados.com\\\/abogados\\\/#website\"},\"datePublished\":\"2025-05-27T20:20:10+00:00\",\"dateModified\":\"2025-05-27T20:22:56+00:00\",\"author\":{\"@id\":\"https:\\\/\\\/hominidabogados.com\\\/abogados\\\/#\\\/schema\\\/person\\\/6379ec15c9aeb86efa91bac102a047a8\"},\"breadcrumb\":{\"@id\":\"https:\\\/\\\/hominidabogados.com\\\/abogados\\\/resumen-de-reformas-al-reglamento-interno-del-organo-ejecutivo\\\/#breadcrumb\"},\"inLanguage\":\"es\",\"potentialAction\":[{\"@type\":\"ReadAction\",\"target\":[\"https:\\\/\\\/hominidabogados.com\\\/abogados\\\/resumen-de-reformas-al-reglamento-interno-del-organo-ejecutivo\\\/\"]}]},{\"@type\":\"BreadcrumbList\",\"@id\":\"https:\\\/\\\/hominidabogados.com\\\/abogados\\\/resumen-de-reformas-al-reglamento-interno-del-organo-ejecutivo\\\/#breadcrumb\",\"itemListElement\":[{\"@type\":\"ListItem\",\"position\":1,\"name\":\"Home\",\"item\":\"https:\\\/\\\/hominidabogados.com\\\/abogados\\\/\"},{\"@type\":\"ListItem\",\"position\":2,\"name\":\"Resumen de Reformas al Reglamento Interno del \u00d3rgano Ejecutivo\"}]},{\"@type\":\"WebSite\",\"@id\":\"https:\\\/\\\/hominidabogados.com\\\/abogados\\\/#website\",\"url\":\"https:\\\/\\\/hominidabogados.com\\\/abogados\\\/\",\"name\":\"Hominid Abogados\",\"description\":\"Tan grandes como nuestros clientes\",\"potentialAction\":[{\"@type\":\"SearchAction\",\"target\":{\"@type\":\"EntryPoint\",\"urlTemplate\":\"https:\\\/\\\/hominidabogados.com\\\/abogados\\\/?s={search_term_string}\"},\"query-input\":{\"@type\":\"PropertyValueSpecification\",\"valueRequired\":true,\"valueName\":\"search_term_string\"}}],\"inLanguage\":\"es\"},{\"@type\":\"Person\",\"@id\":\"https:\\\/\\\/hominidabogados.com\\\/abogados\\\/#\\\/schema\\\/person\\\/6379ec15c9aeb86efa91bac102a047a8\",\"name\":\"Roberto Valencia\",\"image\":{\"@type\":\"ImageObject\",\"inLanguage\":\"es\",\"@id\":\"https:\\\/\\\/seagreen-leopard-924083.hostingersite.com\\\/empresarial\\\/wp-content\\\/uploads\\\/sites\\\/3\\\/2025\\\/05\\\/2697-96x96.webp\",\"url\":\"https:\\\/\\\/seagreen-leopard-924083.hostingersite.com\\\/empresarial\\\/wp-content\\\/uploads\\\/sites\\\/3\\\/2025\\\/05\\\/2697-96x96.webp\",\"contentUrl\":\"https:\\\/\\\/seagreen-leopard-924083.hostingersite.com\\\/empresarial\\\/wp-content\\\/uploads\\\/sites\\\/3\\\/2025\\\/05\\\/2697-96x96.webp\",\"caption\":\"Roberto Valencia\"},\"url\":\"https:\\\/\\\/hominidabogados.com\\\/abogados\\\/author\\\/roberto-valencia\\\/\"}]}<\/script>\n<!-- \/ Yoast SEO plugin. -->","yoast_head_json":{"title":"Resumen de Reformas al Reglamento Interno del \u00d3rgano Ejecutivo - Hominid Abogados","robots":{"index":"index","follow":"follow","max-snippet":"max-snippet:-1","max-image-preview":"max-image-preview:large","max-video-preview":"max-video-preview:-1"},"canonical":"https:\/\/hominidabogados.com\/abogados\/resumen-de-reformas-al-reglamento-interno-del-organo-ejecutivo\/","og_locale":"es_MX","og_type":"article","og_title":"Resumen de Reformas al Reglamento Interno del \u00d3rgano Ejecutivo - Hominid Abogados","og_description":"El Consejo de Ministros, a trav\u00e9s del decreto No.4 encontrado en el Diario Oficial del d\u00eda 30 de enero del presente a\u00f1o, realiz\u00f3 ciertas reformas al Reglamento Interno del \u00d3rgano Ejecutivo, las cuales entraron en vigor el d\u00eda de su publicaci\u00f3n, el d\u00eda 12 de febrero de 2025 (Art. 3). Al eliminarse la Agencia de [&hellip;]","og_url":"https:\/\/hominidabogados.com\/abogados\/resumen-de-reformas-al-reglamento-interno-del-organo-ejecutivo\/","og_site_name":"Hominid Abogados","article_published_time":"2025-05-27T20:20:10+00:00","article_modified_time":"2025-05-27T20:22:56+00:00","author":"Roberto Valencia","twitter_card":"summary_large_image","twitter_misc":{"Escrito por":"Roberto Valencia","Tiempo de lectura":"3 minutos"},"schema":{"@context":"https:\/\/schema.org","@graph":[{"@type":"Article","@id":"https:\/\/hominidabogados.com\/abogados\/resumen-de-reformas-al-reglamento-interno-del-organo-ejecutivo\/#article","isPartOf":{"@id":"https:\/\/hominidabogados.com\/abogados\/resumen-de-reformas-al-reglamento-interno-del-organo-ejecutivo\/"},"author":{"name":"Roberto Valencia","@id":"https:\/\/hominidabogados.com\/abogados\/#\/schema\/person\/6379ec15c9aeb86efa91bac102a047a8"},"headline":"Resumen de Reformas al Reglamento Interno del \u00d3rgano Ejecutivo","datePublished":"2025-05-27T20:20:10+00:00","dateModified":"2025-05-27T20:22:56+00:00","mainEntityOfPage":{"@id":"https:\/\/hominidabogados.com\/abogados\/resumen-de-reformas-al-reglamento-interno-del-organo-ejecutivo\/"},"wordCount":520,"articleSection":["Uncategorized"],"inLanguage":"es"},{"@type":"WebPage","@id":"https:\/\/hominidabogados.com\/abogados\/resumen-de-reformas-al-reglamento-interno-del-organo-ejecutivo\/","url":"https:\/\/hominidabogados.com\/abogados\/resumen-de-reformas-al-reglamento-interno-del-organo-ejecutivo\/","name":"Resumen de Reformas al Reglamento Interno del \u00d3rgano Ejecutivo - Hominid Abogados","isPartOf":{"@id":"https:\/\/hominidabogados.com\/abogados\/#website"},"datePublished":"2025-05-27T20:20:10+00:00","dateModified":"2025-05-27T20:22:56+00:00","author":{"@id":"https:\/\/hominidabogados.com\/abogados\/#\/schema\/person\/6379ec15c9aeb86efa91bac102a047a8"},"breadcrumb":{"@id":"https:\/\/hominidabogados.com\/abogados\/resumen-de-reformas-al-reglamento-interno-del-organo-ejecutivo\/#breadcrumb"},"inLanguage":"es","potentialAction":[{"@type":"ReadAction","target":["https:\/\/hominidabogados.com\/abogados\/resumen-de-reformas-al-reglamento-interno-del-organo-ejecutivo\/"]}]},{"@type":"BreadcrumbList","@id":"https:\/\/hominidabogados.com\/abogados\/resumen-de-reformas-al-reglamento-interno-del-organo-ejecutivo\/#breadcrumb","itemListElement":[{"@type":"ListItem","position":1,"name":"Home","item":"https:\/\/hominidabogados.com\/abogados\/"},{"@type":"ListItem","position":2,"name":"Resumen de Reformas al Reglamento Interno del \u00d3rgano Ejecutivo"}]},{"@type":"WebSite","@id":"https:\/\/hominidabogados.com\/abogados\/#website","url":"https:\/\/hominidabogados.com\/abogados\/","name":"Hominid Abogados","description":"Tan grandes como nuestros clientes","potentialAction":[{"@type":"SearchAction","target":{"@type":"EntryPoint","urlTemplate":"https:\/\/hominidabogados.com\/abogados\/?s={search_term_string}"},"query-input":{"@type":"PropertyValueSpecification","valueRequired":true,"valueName":"search_term_string"}}],"inLanguage":"es"},{"@type":"Person","@id":"https:\/\/hominidabogados.com\/abogados\/#\/schema\/person\/6379ec15c9aeb86efa91bac102a047a8","name":"Roberto Valencia","image":{"@type":"ImageObject","inLanguage":"es","@id":"https:\/\/seagreen-leopard-924083.hostingersite.com\/empresarial\/wp-content\/uploads\/sites\/3\/2025\/05\/2697-96x96.webp","url":"https:\/\/seagreen-leopard-924083.hostingersite.com\/empresarial\/wp-content\/uploads\/sites\/3\/2025\/05\/2697-96x96.webp","contentUrl":"https:\/\/seagreen-leopard-924083.hostingersite.com\/empresarial\/wp-content\/uploads\/sites\/3\/2025\/05\/2697-96x96.webp","caption":"Roberto Valencia"},"url":"https:\/\/hominidabogados.com\/abogados\/author\/roberto-valencia\/"}]}},"_links":{"self":[{"href":"https:\/\/hominidabogados.com\/abogados\/wp-json\/wp\/v2\/posts\/805","targetHints":{"allow":["GET"]}}],"collection":[{"href":"https:\/\/hominidabogados.com\/abogados\/wp-json\/wp\/v2\/posts"}],"about":[{"href":"https:\/\/hominidabogados.com\/abogados\/wp-json\/wp\/v2\/types\/post"}],"author":[{"embeddable":true,"href":"https:\/\/hominidabogados.com\/abogados\/wp-json\/wp\/v2\/users\/3"}],"replies":[{"embeddable":true,"href":"https:\/\/hominidabogados.com\/abogados\/wp-json\/wp\/v2\/comments?post=805"}],"version-history":[{"count":1,"href":"https:\/\/hominidabogados.com\/abogados\/wp-json\/wp\/v2\/posts\/805\/revisions"}],"predecessor-version":[{"id":806,"href":"https:\/\/hominidabogados.com\/abogados\/wp-json\/wp\/v2\/posts\/805\/revisions\/806"}],"wp:attachment":[{"href":"https:\/\/hominidabogados.com\/abogados\/wp-json\/wp\/v2\/media?parent=805"}],"wp:term":[{"taxonomy":"category","embeddable":true,"href":"https:\/\/hominidabogados.com\/abogados\/wp-json\/wp\/v2\/categories?post=805"},{"taxonomy":"post_tag","embeddable":true,"href":"https:\/\/hominidabogados.com\/abogados\/wp-json\/wp\/v2\/tags?post=805"}],"curies":[{"name":"wp","href":"https:\/\/api.w.org\/{rel}","templated":true}]}}