{"id":801,"date":"2025-02-20T14:14:26","date_gmt":"2025-02-20T20:14:26","guid":{"rendered":"https:\/\/seagreen-leopard-924083.hostingersite.com\/abogados\/?p=801"},"modified":"2025-05-27T14:15:23","modified_gmt":"2025-05-27T20:15:23","slug":"resumen-de-reformas-al-reglamento-para-la-instalacion-funcionamiento-y-supervision-de-centros-de-atencion-a-la-primera-infancia","status":"publish","type":"post","link":"https:\/\/hominidabogados.com\/abogados\/resumen-de-reformas-al-reglamento-para-la-instalacion-funcionamiento-y-supervision-de-centros-de-atencion-a-la-primera-infancia\/","title":{"rendered":"Resumen de Reformas al Reglamento para la Instalaci\u00f3n, Funcionamiento y Supervisi\u00f3n de Centros de Atenci\u00f3n a la Primera Infancia"},"content":{"rendered":"<p>El Consejo Nacional de la Primera Infancia, Ni\u00f1ez y Adolescencia (CONAPINA), el d\u00eda 14 de febrero del presente a\u00f1o acord\u00f3 realizar reformas a dicho Reglamento, buscando garantizar que la prestaci\u00f3n sea accesible para las familias trabajadoras sin descuidar la obligaci\u00f3n patronal. El acuerdo No. 5 fue emitido en el Diario Oficial del 3 de febrero y su publicaci\u00f3n se realiz\u00f3 el d\u00eda 13 de febrero, ambas fechas del a\u00f1o 2025. Las reformas entrar\u00e1n en vigor el 21 de febrero del presente a\u00f1o (Art. 4).<\/p>\n<p>A trav\u00e9s de las reformas, se incorpor\u00f3 el numeral 15 al art\u00edculo 5 del Reglamento, el cual ahora establece que el costo promedio incluye una matr\u00edcula anual y doce mensualidades (Art.1). Asimismo, se incorpor\u00f3 un art\u00edculo 9-B en el Reglamento, que manifiesta que cuando el patrono y trabajador pacten las condiciones para acogerse a la modalidad del art. 137 literal d) de la Ley Crecer Juntos para la Protecci\u00f3n Integral de la Primera Infancia, Ni\u00f1ez y Adolescencia, \u00e9ste deber\u00e1 regular las condiciones para la entrega de la prestaci\u00f3n laboral en su normativa interna, para lo cual el patrono deber\u00e1 tomar en cuenta las gu\u00edas o lineamientos emitidos por instituciones correspondientes (Art. 2).<\/p>\n<p>De igual manera, se incorpor\u00f3 un art\u00edculo 9-C al Reglamento, el cual expresa que si el trabajador no hace uso de la prestaci\u00f3n laboral o no acepte la modalidad elegida por el patrono se deber\u00e1 dejar constancia por escrito de tal negativa. Esta constancia, sin embargo, no eximir\u00e1 al patrono de cumplir con su obligaci\u00f3n, si el trabajador solicita la prestaci\u00f3n. Este procedimiento tambi\u00e9n debe reflejarse en la normativa interna que regula la prestaci\u00f3n laboral.<\/p>\n","protected":false},"excerpt":{"rendered":"<p>El Consejo Nacional de la Primera Infancia, Ni\u00f1ez y Adolescencia (CONAPINA), el d\u00eda 14 de febrero del presente a\u00f1o acord\u00f3 realizar reformas a dicho Reglamento, buscando garantizar que la prestaci\u00f3n sea accesible para las familias trabajadoras sin descuidar la obligaci\u00f3n patronal. El acuerdo No. 5 fue emitido en el Diario Oficial del 3 de febrero [&hellip;]<\/p>\n","protected":false},"author":3,"featured_media":0,"comment_status":"closed","ping_status":"open","sticky":false,"template":"","format":"standard","meta":{"_et_pb_use_builder":"","_et_pb_old_content":"","_et_gb_content_width":"","footnotes":""},"categories":[1],"tags":[],"class_list":["post-801","post","type-post","status-publish","format-standard","hentry","category-uncategorized"],"yoast_head":"<!-- This site is optimized with the Yoast SEO plugin v27.4 - https:\/\/yoast.com\/product\/yoast-seo-wordpress\/ -->\n<title>Resumen de Reformas al Reglamento para la Instalaci\u00f3n, Funcionamiento y Supervisi\u00f3n de Centros de Atenci\u00f3n a la Primera Infancia - Hominid Abogados<\/title>\n<meta name=\"robots\" content=\"index, follow, max-snippet:-1, max-image-preview:large, max-video-preview:-1\" \/>\n<link rel=\"canonical\" href=\"https:\/\/hominidabogados.com\/abogados\/resumen-de-reformas-al-reglamento-para-la-instalacion-funcionamiento-y-supervision-de-centros-de-atencion-a-la-primera-infancia\/\" \/>\n<meta property=\"og:locale\" content=\"es_MX\" \/>\n<meta property=\"og:type\" content=\"article\" \/>\n<meta property=\"og:title\" content=\"Resumen de Reformas al Reglamento para la Instalaci\u00f3n, Funcionamiento y Supervisi\u00f3n de Centros de Atenci\u00f3n a la Primera Infancia - Hominid Abogados\" \/>\n<meta property=\"og:description\" content=\"El Consejo Nacional de la Primera Infancia, Ni\u00f1ez y Adolescencia (CONAPINA), el d\u00eda 14 de febrero del presente a\u00f1o acord\u00f3 realizar reformas a dicho Reglamento, buscando garantizar que la prestaci\u00f3n sea accesible para las familias trabajadoras sin descuidar la obligaci\u00f3n patronal. El acuerdo No. 5 fue emitido en el Diario Oficial del 3 de febrero [&hellip;]\" \/>\n<meta property=\"og:url\" content=\"https:\/\/hominidabogados.com\/abogados\/resumen-de-reformas-al-reglamento-para-la-instalacion-funcionamiento-y-supervision-de-centros-de-atencion-a-la-primera-infancia\/\" \/>\n<meta property=\"og:site_name\" content=\"Hominid Abogados\" \/>\n<meta property=\"article:published_time\" content=\"2025-02-20T20:14:26+00:00\" \/>\n<meta property=\"article:modified_time\" content=\"2025-05-27T20:15:23+00:00\" \/>\n<meta name=\"author\" content=\"Roberto Valencia\" \/>\n<meta name=\"twitter:card\" content=\"summary_large_image\" \/>\n<meta name=\"twitter:label1\" content=\"Escrito por\" \/>\n\t<meta name=\"twitter:data1\" content=\"Roberto Valencia\" \/>\n\t<meta name=\"twitter:label2\" content=\"Tiempo de lectura\" \/>\n\t<meta name=\"twitter:data2\" content=\"2 minutos\" \/>\n<script type=\"application\/ld+json\" class=\"yoast-schema-graph\">{\"@context\":\"https:\\\/\\\/schema.org\",\"@graph\":[{\"@type\":\"Article\",\"@id\":\"https:\\\/\\\/hominidabogados.com\\\/abogados\\\/resumen-de-reformas-al-reglamento-para-la-instalacion-funcionamiento-y-supervision-de-centros-de-atencion-a-la-primera-infancia\\\/#article\",\"isPartOf\":{\"@id\":\"https:\\\/\\\/hominidabogados.com\\\/abogados\\\/resumen-de-reformas-al-reglamento-para-la-instalacion-funcionamiento-y-supervision-de-centros-de-atencion-a-la-primera-infancia\\\/\"},\"author\":{\"name\":\"Roberto Valencia\",\"@id\":\"https:\\\/\\\/hominidabogados.com\\\/abogados\\\/#\\\/schema\\\/person\\\/6379ec15c9aeb86efa91bac102a047a8\"},\"headline\":\"Resumen de Reformas al Reglamento para la Instalaci\u00f3n, Funcionamiento y Supervisi\u00f3n de Centros de Atenci\u00f3n a la Primera Infancia\",\"datePublished\":\"2025-02-20T20:14:26+00:00\",\"dateModified\":\"2025-05-27T20:15:23+00:00\",\"mainEntityOfPage\":{\"@id\":\"https:\\\/\\\/hominidabogados.com\\\/abogados\\\/resumen-de-reformas-al-reglamento-para-la-instalacion-funcionamiento-y-supervision-de-centros-de-atencion-a-la-primera-infancia\\\/\"},\"wordCount\":306,\"articleSection\":[\"Uncategorized\"],\"inLanguage\":\"es\"},{\"@type\":\"WebPage\",\"@id\":\"https:\\\/\\\/hominidabogados.com\\\/abogados\\\/resumen-de-reformas-al-reglamento-para-la-instalacion-funcionamiento-y-supervision-de-centros-de-atencion-a-la-primera-infancia\\\/\",\"url\":\"https:\\\/\\\/hominidabogados.com\\\/abogados\\\/resumen-de-reformas-al-reglamento-para-la-instalacion-funcionamiento-y-supervision-de-centros-de-atencion-a-la-primera-infancia\\\/\",\"name\":\"Resumen de Reformas al Reglamento para la Instalaci\u00f3n, Funcionamiento y Supervisi\u00f3n de Centros de Atenci\u00f3n a la Primera Infancia - Hominid Abogados\",\"isPartOf\":{\"@id\":\"https:\\\/\\\/hominidabogados.com\\\/abogados\\\/#website\"},\"datePublished\":\"2025-02-20T20:14:26+00:00\",\"dateModified\":\"2025-05-27T20:15:23+00:00\",\"author\":{\"@id\":\"https:\\\/\\\/hominidabogados.com\\\/abogados\\\/#\\\/schema\\\/person\\\/6379ec15c9aeb86efa91bac102a047a8\"},\"breadcrumb\":{\"@id\":\"https:\\\/\\\/hominidabogados.com\\\/abogados\\\/resumen-de-reformas-al-reglamento-para-la-instalacion-funcionamiento-y-supervision-de-centros-de-atencion-a-la-primera-infancia\\\/#breadcrumb\"},\"inLanguage\":\"es\",\"potentialAction\":[{\"@type\":\"ReadAction\",\"target\":[\"https:\\\/\\\/hominidabogados.com\\\/abogados\\\/resumen-de-reformas-al-reglamento-para-la-instalacion-funcionamiento-y-supervision-de-centros-de-atencion-a-la-primera-infancia\\\/\"]}]},{\"@type\":\"BreadcrumbList\",\"@id\":\"https:\\\/\\\/hominidabogados.com\\\/abogados\\\/resumen-de-reformas-al-reglamento-para-la-instalacion-funcionamiento-y-supervision-de-centros-de-atencion-a-la-primera-infancia\\\/#breadcrumb\",\"itemListElement\":[{\"@type\":\"ListItem\",\"position\":1,\"name\":\"Home\",\"item\":\"https:\\\/\\\/hominidabogados.com\\\/abogados\\\/\"},{\"@type\":\"ListItem\",\"position\":2,\"name\":\"Resumen de Reformas al Reglamento para la Instalaci\u00f3n, Funcionamiento y Supervisi\u00f3n de Centros de Atenci\u00f3n a la Primera Infancia\"}]},{\"@type\":\"WebSite\",\"@id\":\"https:\\\/\\\/hominidabogados.com\\\/abogados\\\/#website\",\"url\":\"https:\\\/\\\/hominidabogados.com\\\/abogados\\\/\",\"name\":\"Hominid Abogados\",\"description\":\"Tan grandes como nuestros clientes\",\"potentialAction\":[{\"@type\":\"SearchAction\",\"target\":{\"@type\":\"EntryPoint\",\"urlTemplate\":\"https:\\\/\\\/hominidabogados.com\\\/abogados\\\/?s={search_term_string}\"},\"query-input\":{\"@type\":\"PropertyValueSpecification\",\"valueRequired\":true,\"valueName\":\"search_term_string\"}}],\"inLanguage\":\"es\"},{\"@type\":\"Person\",\"@id\":\"https:\\\/\\\/hominidabogados.com\\\/abogados\\\/#\\\/schema\\\/person\\\/6379ec15c9aeb86efa91bac102a047a8\",\"name\":\"Roberto Valencia\",\"image\":{\"@type\":\"ImageObject\",\"inLanguage\":\"es\",\"@id\":\"https:\\\/\\\/seagreen-leopard-924083.hostingersite.com\\\/empresarial\\\/wp-content\\\/uploads\\\/sites\\\/3\\\/2025\\\/05\\\/2697-96x96.webp\",\"url\":\"https:\\\/\\\/seagreen-leopard-924083.hostingersite.com\\\/empresarial\\\/wp-content\\\/uploads\\\/sites\\\/3\\\/2025\\\/05\\\/2697-96x96.webp\",\"contentUrl\":\"https:\\\/\\\/seagreen-leopard-924083.hostingersite.com\\\/empresarial\\\/wp-content\\\/uploads\\\/sites\\\/3\\\/2025\\\/05\\\/2697-96x96.webp\",\"caption\":\"Roberto Valencia\"},\"url\":\"https:\\\/\\\/hominidabogados.com\\\/abogados\\\/author\\\/roberto-valencia\\\/\"}]}<\/script>\n<!-- \/ Yoast SEO plugin. -->","yoast_head_json":{"title":"Resumen de Reformas al Reglamento para la Instalaci\u00f3n, Funcionamiento y Supervisi\u00f3n de Centros de Atenci\u00f3n a la Primera Infancia - Hominid Abogados","robots":{"index":"index","follow":"follow","max-snippet":"max-snippet:-1","max-image-preview":"max-image-preview:large","max-video-preview":"max-video-preview:-1"},"canonical":"https:\/\/hominidabogados.com\/abogados\/resumen-de-reformas-al-reglamento-para-la-instalacion-funcionamiento-y-supervision-de-centros-de-atencion-a-la-primera-infancia\/","og_locale":"es_MX","og_type":"article","og_title":"Resumen de Reformas al Reglamento para la Instalaci\u00f3n, Funcionamiento y Supervisi\u00f3n de Centros de Atenci\u00f3n a la Primera Infancia - Hominid Abogados","og_description":"El Consejo Nacional de la Primera Infancia, Ni\u00f1ez y Adolescencia (CONAPINA), el d\u00eda 14 de febrero del presente a\u00f1o acord\u00f3 realizar reformas a dicho Reglamento, buscando garantizar que la prestaci\u00f3n sea accesible para las familias trabajadoras sin descuidar la obligaci\u00f3n patronal. El acuerdo No. 5 fue emitido en el Diario Oficial del 3 de febrero [&hellip;]","og_url":"https:\/\/hominidabogados.com\/abogados\/resumen-de-reformas-al-reglamento-para-la-instalacion-funcionamiento-y-supervision-de-centros-de-atencion-a-la-primera-infancia\/","og_site_name":"Hominid Abogados","article_published_time":"2025-02-20T20:14:26+00:00","article_modified_time":"2025-05-27T20:15:23+00:00","author":"Roberto Valencia","twitter_card":"summary_large_image","twitter_misc":{"Escrito por":"Roberto Valencia","Tiempo de lectura":"2 minutos"},"schema":{"@context":"https:\/\/schema.org","@graph":[{"@type":"Article","@id":"https:\/\/hominidabogados.com\/abogados\/resumen-de-reformas-al-reglamento-para-la-instalacion-funcionamiento-y-supervision-de-centros-de-atencion-a-la-primera-infancia\/#article","isPartOf":{"@id":"https:\/\/hominidabogados.com\/abogados\/resumen-de-reformas-al-reglamento-para-la-instalacion-funcionamiento-y-supervision-de-centros-de-atencion-a-la-primera-infancia\/"},"author":{"name":"Roberto Valencia","@id":"https:\/\/hominidabogados.com\/abogados\/#\/schema\/person\/6379ec15c9aeb86efa91bac102a047a8"},"headline":"Resumen de Reformas al Reglamento para la Instalaci\u00f3n, Funcionamiento y Supervisi\u00f3n de Centros de Atenci\u00f3n a la Primera Infancia","datePublished":"2025-02-20T20:14:26+00:00","dateModified":"2025-05-27T20:15:23+00:00","mainEntityOfPage":{"@id":"https:\/\/hominidabogados.com\/abogados\/resumen-de-reformas-al-reglamento-para-la-instalacion-funcionamiento-y-supervision-de-centros-de-atencion-a-la-primera-infancia\/"},"wordCount":306,"articleSection":["Uncategorized"],"inLanguage":"es"},{"@type":"WebPage","@id":"https:\/\/hominidabogados.com\/abogados\/resumen-de-reformas-al-reglamento-para-la-instalacion-funcionamiento-y-supervision-de-centros-de-atencion-a-la-primera-infancia\/","url":"https:\/\/hominidabogados.com\/abogados\/resumen-de-reformas-al-reglamento-para-la-instalacion-funcionamiento-y-supervision-de-centros-de-atencion-a-la-primera-infancia\/","name":"Resumen de Reformas al Reglamento para la Instalaci\u00f3n, Funcionamiento y Supervisi\u00f3n de Centros de Atenci\u00f3n a la Primera Infancia - Hominid Abogados","isPartOf":{"@id":"https:\/\/hominidabogados.com\/abogados\/#website"},"datePublished":"2025-02-20T20:14:26+00:00","dateModified":"2025-05-27T20:15:23+00:00","author":{"@id":"https:\/\/hominidabogados.com\/abogados\/#\/schema\/person\/6379ec15c9aeb86efa91bac102a047a8"},"breadcrumb":{"@id":"https:\/\/hominidabogados.com\/abogados\/resumen-de-reformas-al-reglamento-para-la-instalacion-funcionamiento-y-supervision-de-centros-de-atencion-a-la-primera-infancia\/#breadcrumb"},"inLanguage":"es","potentialAction":[{"@type":"ReadAction","target":["https:\/\/hominidabogados.com\/abogados\/resumen-de-reformas-al-reglamento-para-la-instalacion-funcionamiento-y-supervision-de-centros-de-atencion-a-la-primera-infancia\/"]}]},{"@type":"BreadcrumbList","@id":"https:\/\/hominidabogados.com\/abogados\/resumen-de-reformas-al-reglamento-para-la-instalacion-funcionamiento-y-supervision-de-centros-de-atencion-a-la-primera-infancia\/#breadcrumb","itemListElement":[{"@type":"ListItem","position":1,"name":"Home","item":"https:\/\/hominidabogados.com\/abogados\/"},{"@type":"ListItem","position":2,"name":"Resumen de Reformas al Reglamento para la Instalaci\u00f3n, Funcionamiento y Supervisi\u00f3n de Centros de Atenci\u00f3n a la Primera Infancia"}]},{"@type":"WebSite","@id":"https:\/\/hominidabogados.com\/abogados\/#website","url":"https:\/\/hominidabogados.com\/abogados\/","name":"Hominid Abogados","description":"Tan grandes como nuestros clientes","potentialAction":[{"@type":"SearchAction","target":{"@type":"EntryPoint","urlTemplate":"https:\/\/hominidabogados.com\/abogados\/?s={search_term_string}"},"query-input":{"@type":"PropertyValueSpecification","valueRequired":true,"valueName":"search_term_string"}}],"inLanguage":"es"},{"@type":"Person","@id":"https:\/\/hominidabogados.com\/abogados\/#\/schema\/person\/6379ec15c9aeb86efa91bac102a047a8","name":"Roberto Valencia","image":{"@type":"ImageObject","inLanguage":"es","@id":"https:\/\/seagreen-leopard-924083.hostingersite.com\/empresarial\/wp-content\/uploads\/sites\/3\/2025\/05\/2697-96x96.webp","url":"https:\/\/seagreen-leopard-924083.hostingersite.com\/empresarial\/wp-content\/uploads\/sites\/3\/2025\/05\/2697-96x96.webp","contentUrl":"https:\/\/seagreen-leopard-924083.hostingersite.com\/empresarial\/wp-content\/uploads\/sites\/3\/2025\/05\/2697-96x96.webp","caption":"Roberto Valencia"},"url":"https:\/\/hominidabogados.com\/abogados\/author\/roberto-valencia\/"}]}},"_links":{"self":[{"href":"https:\/\/hominidabogados.com\/abogados\/wp-json\/wp\/v2\/posts\/801","targetHints":{"allow":["GET"]}}],"collection":[{"href":"https:\/\/hominidabogados.com\/abogados\/wp-json\/wp\/v2\/posts"}],"about":[{"href":"https:\/\/hominidabogados.com\/abogados\/wp-json\/wp\/v2\/types\/post"}],"author":[{"embeddable":true,"href":"https:\/\/hominidabogados.com\/abogados\/wp-json\/wp\/v2\/users\/3"}],"replies":[{"embeddable":true,"href":"https:\/\/hominidabogados.com\/abogados\/wp-json\/wp\/v2\/comments?post=801"}],"version-history":[{"count":1,"href":"https:\/\/hominidabogados.com\/abogados\/wp-json\/wp\/v2\/posts\/801\/revisions"}],"predecessor-version":[{"id":802,"href":"https:\/\/hominidabogados.com\/abogados\/wp-json\/wp\/v2\/posts\/801\/revisions\/802"}],"wp:attachment":[{"href":"https:\/\/hominidabogados.com\/abogados\/wp-json\/wp\/v2\/media?parent=801"}],"wp:term":[{"taxonomy":"category","embeddable":true,"href":"https:\/\/hominidabogados.com\/abogados\/wp-json\/wp\/v2\/categories?post=801"},{"taxonomy":"post_tag","embeddable":true,"href":"https:\/\/hominidabogados.com\/abogados\/wp-json\/wp\/v2\/tags?post=801"}],"curies":[{"name":"wp","href":"https:\/\/api.w.org\/{rel}","templated":true}]}}